{"id":8239,"date":"2023-05-22T07:53:07","date_gmt":"2023-05-22T07:53:07","guid":{"rendered":"https:\/\/pallarsfustes.com\/como-reciclar-la-madera-de-forma-correcta\/"},"modified":"2023-06-08T08:15:03","modified_gmt":"2023-06-08T08:15:03","slug":"como-reciclar-la-madera-de-forma-correcta","status":"publish","type":"post","link":"https:\/\/pallarsfustes.com\/es\/como-reciclar-la-madera-de-forma-correcta\/","title":{"rendered":"Relaci\u00f3n entre la madera y el calor"},"content":{"rendered":"[vc_row][vc_column][vc_column_text css=\u00bb.vc_custom_1683617102446{margin-bottom: 0px !important;}\u00bb]\n<h5 style=\"text-align: center;\"><strong>\u00bfC\u00f3mo reciclar la madera de forma correcta?<\/strong><\/h5>\n[\/vc_column_text][vc_empty_space height=\u00bb40px\u00bb][vc_column_text css=\u00bb.vc_custom_1686211021890{margin-bottom: 0px !important;}\u00bb]<span style=\"font-weight: 400;\">La madera es un material conocido por su belleza natural, su durabilidad y su versatilidad en aplicaciones de construcci\u00f3n y dise\u00f1o. Lo que no todos saben es que la madera tambi\u00e9n juega un papel interesante y beneficioso en relaci\u00f3n con el calor. En este blog, los profesionales de Pallars Fustes exploraremos la relaci\u00f3n entre la madera y el calor, y c\u00f3mo este material \u00fanico responde a las diferentes temperaturas y condiciones t\u00e9rmicas, haci\u00e9ndolo as\u00ed, uno de los materiales m\u00e1s id\u00f3neos para todo tipo de construcciones.<\/span>[\/vc_column_text][mk_fancy_title size=\u00bb27&#8243; line_height=\u00bb120&#8243; font_weight=\u00bbbold\u00bb margin_bottom=\u00bb0&#8243; font_family=\u00bbnone\u00bb responsive_align=\u00bbleft\u00bb]\n<h6><b>Expansi\u00f3n y contracci\u00f3n<\/b><\/h6>\n[\/mk_fancy_title][vc_column_text css=\u00bb.vc_custom_1686211081490{margin-bottom: 0px !important;}\u00bb]<span style=\"font-weight: 400;\">Las propiedades de expansi\u00f3n y contracci\u00f3n son las m\u00e1s conocidas cuando hablamos de cambios en el estado de la madera, o alg\u00fan otro material, frente a los cambios de temperatura. Estos cambios se basan en que, a menor temperatura, se tiende a la contracci\u00f3n del material, mientras que, a mayor temperatura, \u00e9stos tienden a la expansi\u00f3n.<\/span><\/p>\n<p><span style=\"font-weight: 400;\">La madera, a pesar de ser un material que ofrece gran resistencia frente a los cambios de temperatura, en comparaci\u00f3n con otros materiales como el metal, por ejemplo, que se ve mucho m\u00e1s afectado, la madera tambi\u00e9n experimenta ciertos cambios con la temperatura, ya que se trata de un material <\/span><strong>higrosc\u00f3pico <\/strong><span style=\"font-weight: 400;\">. <\/span> <\/p>\n<p><span style=\"font-weight: 400;\">Esta propiedad de la madera indica que \u00e9sta absorbe o libera humedad en respuesta a los cambios en la temperatura y la humedad ambiental. Estos cambios pueden resultar en la expansi\u00f3n o contracci\u00f3n de la madera. En presencia de calor y humedad, la madera tiende a expandirse, mientras que en ambientes secos y fr\u00edos se contrae. Es importante que esta propiedad sea considerada por los profesionales en la instalaci\u00f3n de pisos, muebles y estructuras de madera para permitir el movimiento natural del material y evitar deformaciones no deseadas.<\/span>[\/vc_column_text][mk_fancy_title size=\u00bb27&#8243; line_height=\u00bb120&#8243; font_weight=\u00bbbold\u00bb margin_bottom=\u00bb0&#8243; font_family=\u00bbnone\u00bb responsive_align=\u00bbleft\u00bb]\n<h6><b>Conductividad t\u00e9rmica<\/b><\/h6>\n[\/mk_fancy_title][vc_column_text css=\u00bb.vc_custom_1686211116295{margin-bottom: 0px !important;}\u00bb]<span style=\"font-weight: 400;\">La madera destaca por ser un gran aislante t\u00e9rmico natural, esto significa que tiene una baja conductividad t\u00e9rmica en comparaci\u00f3n con otros materiales como el metal o el vidrio. Esto se debe a la estructura porosa de la madera, que contiene peque\u00f1as bolsas de aire que act\u00faan como barreras al paso del calor. Esta propiedad hace que la madera sea un excelente material para la construcci\u00f3n de viviendas, puesto que puede ayudar a mantener una temperatura interior confortable y reducir la transferencia de calor a trav\u00e9s de las paredes.<\/span>[\/vc_column_text][vc_single_image image=\u00bb8359&#8243; img_size=\u00bbmedium\u00bb alignment=\u00bbcenter\u00bb][mk_fancy_title size=\u00bb27&#8243; line_height=\u00bb120&#8243; font_weight=\u00bbbold\u00bb margin_bottom=\u00bb0&#8243; font_family=\u00bbnone\u00bb responsive_align=\u00bbleft\u00bb]\n<h6><b>Calefacci\u00f3n y confort<\/b><\/h6>\n[\/mk_fancy_title][vc_column_text css=\u00bb.vc_custom_1686211161592{margin-bottom: 0px !important;}\u00bb]<span style=\"font-weight: 400;\">Por otra parte, la madera tambi\u00e9n se utiliza como fuente de calor en forma de combustible. La crema de madera en estufas o chimeneas proporciona una c\u00e1lida y acogedora fuente de calor natural. La madera posee un alto contenido de energ\u00eda calor\u00edfica, lo que la convierte en una opci\u00f3n eficiente para calentar espacios interiores. Adem\u00e1s, la emisi\u00f3n de calor de la madera es paulatina y constante, creando una sensaci\u00f3n de confort y bienestar.<\/span>[\/vc_column_text][vc_single_image image=\u00bb8362&#8243; img_size=\u00bblarge\u00bb][vc_column_text css=\u00bb.vc_custom_1686211206283{margin-bottom: 0px !important;}\u00bb]<span style=\"font-weight: 400;\">Podemos afirmar, entonces, que la relaci\u00f3n entre la madera y el calor es fascinante y funcional. Desde su capacidad para aislar t\u00e9rmicamente hasta su resistencia al fuego y su uso como fuente de calor, la madera demuestra ser un material vers\u00e1til en t\u00e9rminos de manejo del calor. \u00c9stas son s\u00f3lo algunas de las propiedades que hacen de la madera una de las mejores opciones a la hora de realizar construcciones de cualquier tama\u00f1o y envergadura. <\/span><\/p>\n<p><span style=\"font-weight: 400;\">\u00bfConoces alguna propiedad m\u00e1s de la madera en relaci\u00f3n al calor? \u00a1Te leemos!<\/span>[\/vc_column_text][\/vc_column][vc_column][\/vc_column][\/vc_row][vc_row][vc_column][vc_column_text css=\u00bb.vc_custom_1622801706720{margin-bottom: 0px !important;}\u00bb]\n<h6>Para m\u00e1s informaci\u00f3n llame al 872.029.065 o escriba a <a href=\"mailto:comercial@pallarsfustes.com\">comercial@pallarsfustes.com<\/a><\/h6>\n[\/vc_column_text][\/vc_column][\/vc_row][vc_row][vc_column][\/vc_column][\/vc_row][vc_row][vc_column][\/vc_column][\/vc_row][vc_row][vc_column][\/vc_column][\/vc_row]\n","protected":false},"excerpt":{"rendered":"<p>[vc_row][vc_column][vc_column_text css=\u00bb.vc_custom_1683617102446{margin-bottom: 0px !important;}\u00bb] \u00bfC\u00f3mo reciclar la madera de forma correcta? [\/vc_column_text][vc_empty_space height=\u00bb40px\u00bb][vc_column_text css=\u00bb.vc_custom_1686211021890{margin-bottom: 0px !important;}\u00bb]La madera es un material conocido por su belleza natural, su durabilidad y su versatilidad en aplicaciones de construcci\u00f3n y dise\u00f1o. Lo que no todos saben es que la madera tambi\u00e9n juega un papel interesante y beneficioso en relaci\u00f3n con [&hellip;]<\/p>\n","protected":false},"author":9,"featured_media":8358,"comment_status":"open","ping_status":"closed","sticky":false,"template":"","format":"standard","meta":{"footnotes":""},"categories":[120],"tags":[139,142,140,141],"class_list":["post-8239","post","type-post","status-publish","format-standard","has-post-thumbnail","hentry","category-blog-es-3","tag-madera","tag-madera-reciclada","tag-pallars-fustes-es","tag-reciclaje"],"yoast_head":"<!-- This site is optimized with the Yoast SEO plugin v26.0 - https:\/\/yoast.com\/wordpress\/plugins\/seo\/ -->\n<title>Relaci\u00f3n entre la madera y el calor<\/title>\n<meta name=\"description\" content=\"La madera tambi\u00e9n juega un papel interesante y beneficioso en relaci\u00f3n al calor. En este blog vamos a explorar esta relaci\u00f3n a fondo.\" \/>\n<meta name=\"robots\" content=\"index, follow, max-snippet:-1, max-image-preview:large, max-video-preview:-1\" \/>\n<link rel=\"canonical\" href=\"https:\/\/pallarsfustes.com\/es\/como-reciclar-la-madera-de-forma-correcta\/\" \/>\n<meta property=\"og:locale\" content=\"es_ES\" \/>\n<meta property=\"og:type\" content=\"article\" \/>\n<meta property=\"og:title\" content=\"Relaci\u00f3n entre la madera y el calor\" \/>\n<meta property=\"og:description\" content=\"La madera tambi\u00e9n juega un papel interesante y beneficioso en relaci\u00f3n al calor. En este blog vamos a explorar esta relaci\u00f3n a fondo.\" \/>\n<meta property=\"og:url\" content=\"https:\/\/pallarsfustes.com\/es\/como-reciclar-la-madera-de-forma-correcta\/\" \/>\n<meta property=\"og:site_name\" content=\"Pallars\" \/>\n<meta property=\"article:published_time\" content=\"2023-05-22T07:53:07+00:00\" \/>\n<meta property=\"article:modified_time\" content=\"2023-06-08T08:15:03+00:00\" \/>\n<meta property=\"og:image\" content=\"https:\/\/pallarsfustes.com\/wp-content\/uploads\/2023\/05\/shutterstock_377975887-scaled.jpg\" \/>\n\t<meta property=\"og:image:width\" content=\"2560\" \/>\n\t<meta property=\"og:image:height\" content=\"1707\" \/>\n\t<meta property=\"og:image:type\" content=\"image\/jpeg\" \/>\n<meta name=\"author\" content=\"Admin Blackstone\" \/>\n<meta name=\"twitter:card\" content=\"summary_large_image\" \/>\n<meta name=\"twitter:label1\" content=\"Escrito por\" \/>\n\t<meta name=\"twitter:data1\" content=\"Admin Blackstone\" \/>\n\t<meta name=\"twitter:label2\" content=\"Tiempo de lectura\" \/>\n\t<meta name=\"twitter:data2\" content=\"4 minutos\" \/>\n<script type=\"application\/ld+json\" class=\"yoast-schema-graph\">{\"@context\":\"https:\/\/schema.org\",\"@graph\":[{\"@type\":[\"WebPage\",\"ItemPage\"],\"@id\":\"https:\/\/pallarsfustes.com\/es\/como-reciclar-la-madera-de-forma-correcta\/\",\"url\":\"https:\/\/pallarsfustes.com\/es\/como-reciclar-la-madera-de-forma-correcta\/\",\"name\":\"Relaci\u00f3n entre la madera y el calor\",\"isPartOf\":{\"@id\":\"https:\/\/pallarsfustes.com\/es\/#website\"},\"primaryImageOfPage\":{\"@id\":\"https:\/\/pallarsfustes.com\/es\/como-reciclar-la-madera-de-forma-correcta\/#primaryimage\"},\"image\":{\"@id\":\"https:\/\/pallarsfustes.com\/es\/como-reciclar-la-madera-de-forma-correcta\/#primaryimage\"},\"thumbnailUrl\":\"https:\/\/pallarsfustes.com\/wp-content\/uploads\/2023\/05\/shutterstock_377975887-scaled.jpg\",\"datePublished\":\"2023-05-22T07:53:07+00:00\",\"dateModified\":\"2023-06-08T08:15:03+00:00\",\"author\":{\"@id\":\"https:\/\/pallarsfustes.com\/es\/#\/schema\/person\/ef52b63c227d5840dd44ff6bb8042757\"},\"description\":\"La madera tambi\u00e9n juega un papel interesante y beneficioso en relaci\u00f3n al calor. En este blog vamos a explorar esta relaci\u00f3n a fondo.\",\"breadcrumb\":{\"@id\":\"https:\/\/pallarsfustes.com\/es\/como-reciclar-la-madera-de-forma-correcta\/#breadcrumb\"},\"inLanguage\":\"es\",\"potentialAction\":[{\"@type\":\"ReadAction\",\"target\":[\"https:\/\/pallarsfustes.com\/es\/como-reciclar-la-madera-de-forma-correcta\/\"]}]},{\"@type\":\"ImageObject\",\"inLanguage\":\"es\",\"@id\":\"https:\/\/pallarsfustes.com\/es\/como-reciclar-la-madera-de-forma-correcta\/#primaryimage\",\"url\":\"https:\/\/pallarsfustes.com\/wp-content\/uploads\/2023\/05\/shutterstock_377975887-scaled.jpg\",\"contentUrl\":\"https:\/\/pallarsfustes.com\/wp-content\/uploads\/2023\/05\/shutterstock_377975887-scaled.jpg\",\"width\":2560,\"height\":1707,\"caption\":\"Calor y madera\"},{\"@type\":\"BreadcrumbList\",\"@id\":\"https:\/\/pallarsfustes.com\/es\/como-reciclar-la-madera-de-forma-correcta\/#breadcrumb\",\"itemListElement\":[{\"@type\":\"ListItem\",\"position\":1,\"name\":\"Home\",\"item\":\"https:\/\/pallarsfustes.com\/es\/\"},{\"@type\":\"ListItem\",\"position\":2,\"name\":\"Relaci\u00f3n entre la madera y el calor\"}]},{\"@type\":\"WebSite\",\"@id\":\"https:\/\/pallarsfustes.com\/es\/#website\",\"url\":\"https:\/\/pallarsfustes.com\/es\/\",\"name\":\"Pallars\",\"description\":\"\",\"potentialAction\":[{\"@type\":\"SearchAction\",\"target\":{\"@type\":\"EntryPoint\",\"urlTemplate\":\"https:\/\/pallarsfustes.com\/es\/?s={search_term_string}\"},\"query-input\":{\"@type\":\"PropertyValueSpecification\",\"valueRequired\":true,\"valueName\":\"search_term_string\"}}],\"inLanguage\":\"es\"},{\"@type\":\"Person\",\"@id\":\"https:\/\/pallarsfustes.com\/es\/#\/schema\/person\/ef52b63c227d5840dd44ff6bb8042757\",\"name\":\"Admin Blackstone\",\"image\":{\"@type\":\"ImageObject\",\"inLanguage\":\"es\",\"@id\":\"https:\/\/pallarsfustes.com\/es\/#\/schema\/person\/image\/\",\"url\":\"https:\/\/secure.gravatar.com\/avatar\/df0acc6414f4b31f26589bd97d1d52d10f805ac5d20d4bcc6c2d9f8b72c84dad?s=96&d=mm&r=g\",\"contentUrl\":\"https:\/\/secure.gravatar.com\/avatar\/df0acc6414f4b31f26589bd97d1d52d10f805ac5d20d4bcc6c2d9f8b72c84dad?s=96&d=mm&r=g\",\"caption\":\"Admin Blackstone\"},\"url\":\"https:\/\/pallarsfustes.com\/es\/author\/admin-blackstone\/\"}]}<\/script>\n<!-- \/ Yoast SEO plugin. -->","yoast_head_json":{"title":"Relaci\u00f3n entre la madera y el calor","description":"La madera tambi\u00e9n juega un papel interesante y beneficioso en relaci\u00f3n al calor. En este blog vamos a explorar esta relaci\u00f3n a fondo.","robots":{"index":"index","follow":"follow","max-snippet":"max-snippet:-1","max-image-preview":"max-image-preview:large","max-video-preview":"max-video-preview:-1"},"canonical":"https:\/\/pallarsfustes.com\/es\/como-reciclar-la-madera-de-forma-correcta\/","og_locale":"es_ES","og_type":"article","og_title":"Relaci\u00f3n entre la madera y el calor","og_description":"La madera tambi\u00e9n juega un papel interesante y beneficioso en relaci\u00f3n al calor. En este blog vamos a explorar esta relaci\u00f3n a fondo.","og_url":"https:\/\/pallarsfustes.com\/es\/como-reciclar-la-madera-de-forma-correcta\/","og_site_name":"Pallars","article_published_time":"2023-05-22T07:53:07+00:00","article_modified_time":"2023-06-08T08:15:03+00:00","og_image":[{"width":2560,"height":1707,"url":"https:\/\/pallarsfustes.com\/wp-content\/uploads\/2023\/05\/shutterstock_377975887-scaled.jpg","type":"image\/jpeg"}],"author":"Admin Blackstone","twitter_card":"summary_large_image","twitter_misc":{"Escrito por":"Admin Blackstone","Tiempo de lectura":"4 minutos"},"schema":{"@context":"https:\/\/schema.org","@graph":[{"@type":["WebPage","ItemPage"],"@id":"https:\/\/pallarsfustes.com\/es\/como-reciclar-la-madera-de-forma-correcta\/","url":"https:\/\/pallarsfustes.com\/es\/como-reciclar-la-madera-de-forma-correcta\/","name":"Relaci\u00f3n entre la madera y el calor","isPartOf":{"@id":"https:\/\/pallarsfustes.com\/es\/#website"},"primaryImageOfPage":{"@id":"https:\/\/pallarsfustes.com\/es\/como-reciclar-la-madera-de-forma-correcta\/#primaryimage"},"image":{"@id":"https:\/\/pallarsfustes.com\/es\/como-reciclar-la-madera-de-forma-correcta\/#primaryimage"},"thumbnailUrl":"https:\/\/pallarsfustes.com\/wp-content\/uploads\/2023\/05\/shutterstock_377975887-scaled.jpg","datePublished":"2023-05-22T07:53:07+00:00","dateModified":"2023-06-08T08:15:03+00:00","author":{"@id":"https:\/\/pallarsfustes.com\/es\/#\/schema\/person\/ef52b63c227d5840dd44ff6bb8042757"},"description":"La madera tambi\u00e9n juega un papel interesante y beneficioso en relaci\u00f3n al calor. En este blog vamos a explorar esta relaci\u00f3n a fondo.","breadcrumb":{"@id":"https:\/\/pallarsfustes.com\/es\/como-reciclar-la-madera-de-forma-correcta\/#breadcrumb"},"inLanguage":"es","potentialAction":[{"@type":"ReadAction","target":["https:\/\/pallarsfustes.com\/es\/como-reciclar-la-madera-de-forma-correcta\/"]}]},{"@type":"ImageObject","inLanguage":"es","@id":"https:\/\/pallarsfustes.com\/es\/como-reciclar-la-madera-de-forma-correcta\/#primaryimage","url":"https:\/\/pallarsfustes.com\/wp-content\/uploads\/2023\/05\/shutterstock_377975887-scaled.jpg","contentUrl":"https:\/\/pallarsfustes.com\/wp-content\/uploads\/2023\/05\/shutterstock_377975887-scaled.jpg","width":2560,"height":1707,"caption":"Calor y madera"},{"@type":"BreadcrumbList","@id":"https:\/\/pallarsfustes.com\/es\/como-reciclar-la-madera-de-forma-correcta\/#breadcrumb","itemListElement":[{"@type":"ListItem","position":1,"name":"Home","item":"https:\/\/pallarsfustes.com\/es\/"},{"@type":"ListItem","position":2,"name":"Relaci\u00f3n entre la madera y el calor"}]},{"@type":"WebSite","@id":"https:\/\/pallarsfustes.com\/es\/#website","url":"https:\/\/pallarsfustes.com\/es\/","name":"Pallars","description":"","potentialAction":[{"@type":"SearchAction","target":{"@type":"EntryPoint","urlTemplate":"https:\/\/pallarsfustes.com\/es\/?s={search_term_string}"},"query-input":{"@type":"PropertyValueSpecification","valueRequired":true,"valueName":"search_term_string"}}],"inLanguage":"es"},{"@type":"Person","@id":"https:\/\/pallarsfustes.com\/es\/#\/schema\/person\/ef52b63c227d5840dd44ff6bb8042757","name":"Admin Blackstone","image":{"@type":"ImageObject","inLanguage":"es","@id":"https:\/\/pallarsfustes.com\/es\/#\/schema\/person\/image\/","url":"https:\/\/secure.gravatar.com\/avatar\/df0acc6414f4b31f26589bd97d1d52d10f805ac5d20d4bcc6c2d9f8b72c84dad?s=96&d=mm&r=g","contentUrl":"https:\/\/secure.gravatar.com\/avatar\/df0acc6414f4b31f26589bd97d1d52d10f805ac5d20d4bcc6c2d9f8b72c84dad?s=96&d=mm&r=g","caption":"Admin Blackstone"},"url":"https:\/\/pallarsfustes.com\/es\/author\/admin-blackstone\/"}]}},"_links":{"self":[{"href":"https:\/\/pallarsfustes.com\/es\/wp-json\/wp\/v2\/posts\/8239","targetHints":{"allow":["GET"]}}],"collection":[{"href":"https:\/\/pallarsfustes.com\/es\/wp-json\/wp\/v2\/posts"}],"about":[{"href":"https:\/\/pallarsfustes.com\/es\/wp-json\/wp\/v2\/types\/post"}],"author":[{"embeddable":true,"href":"https:\/\/pallarsfustes.com\/es\/wp-json\/wp\/v2\/users\/9"}],"replies":[{"embeddable":true,"href":"https:\/\/pallarsfustes.com\/es\/wp-json\/wp\/v2\/comments?post=8239"}],"version-history":[{"count":5,"href":"https:\/\/pallarsfustes.com\/es\/wp-json\/wp\/v2\/posts\/8239\/revisions"}],"predecessor-version":[{"id":8374,"href":"https:\/\/pallarsfustes.com\/es\/wp-json\/wp\/v2\/posts\/8239\/revisions\/8374"}],"wp:featuredmedia":[{"embeddable":true,"href":"https:\/\/pallarsfustes.com\/es\/wp-json\/wp\/v2\/media\/8358"}],"wp:attachment":[{"href":"https:\/\/pallarsfustes.com\/es\/wp-json\/wp\/v2\/media?parent=8239"}],"wp:term":[{"taxonomy":"category","embeddable":true,"href":"https:\/\/pallarsfustes.com\/es\/wp-json\/wp\/v2\/categories?post=8239"},{"taxonomy":"post_tag","embeddable":true,"href":"https:\/\/pallarsfustes.com\/es\/wp-json\/wp\/v2\/tags?post=8239"}],"curies":[{"name":"wp","href":"https:\/\/api.w.org\/{rel}","templated":true}]}}