{"id":11746,"date":"2026-04-30T09:28:49","date_gmt":"2026-04-30T09:28:49","guid":{"rendered":"https:\/\/pallarsfustes.com\/la-construccion-con-madera-reclama-protagonismo\/"},"modified":"2026-04-30T09:28:49","modified_gmt":"2026-04-30T09:28:49","slug":"la-construccion-con-madera-reclama-protagonismo","status":"publish","type":"post","link":"https:\/\/pallarsfustes.com\/es\/la-construccion-con-madera-reclama-protagonismo\/","title":{"rendered":"La construcci\u00f3n con madera reclama protagonismo"},"content":{"rendered":"<p><span style=\"font-weight: 400;\">Este mes de abril hemos tenido el placer de participar en una mesa redonda organizada por el Gremio de Promotores y Constructores de Edificios de Girona en su sede. Fue un espacio de encuentro entre profesionales del sector en el que la madera fue la gran protagonista. <\/span><\/p>\n<p><span style=\"font-weight: 400;\">El objetivo de este tipo de jornadas es claro: compartir experiencias reales, contrastar puntos de vista y avanzar hacia un modelo constructivo m\u00e1s eficiente, sostenible y adaptado a los retos actuales. <\/span><\/p>\n<p><span style=\"font-weight: 400;\">Es una oportunidad para escuchar distintas voces del sector y poner en com\u00fan los retos y oportunidades de nuestro d\u00eda a d\u00eda. Porque, m\u00e1s all\u00e1 de las ponencias, se permite generar debate.  <\/span><\/p>\n<h5><b>Un sector en transformaci\u00f3n<\/b><\/h5>\n<p><span style=\"font-weight: 400;\">Durante las diferentes intervenciones se evidenci\u00f3 que la construcci\u00f3n est\u00e1 entrando en una nueva etapa definida sobre todo por la b\u00fasqueda de control en los procesos constructivos, la eficiencia en la ejecuci\u00f3n y la reducci\u00f3n del impacto ambiental.<\/span><\/p>\n<p><span style=\"font-weight: 400;\">En relaci\u00f3n con el primer punto referente al control de los procesos, uno de los conceptos m\u00e1s repetidos fue el de trazabilidad. Este est\u00e1 relacionado con conocer el origen del material, tener controlado su recorrido y asegurar la calidad en todas las fases del proyecto.  <\/span><\/p>\n<p><span style=\"font-weight: 400;\">En cuanto a la reducci\u00f3n del impacto ambiental, se puso el foco en la importancia de una gesti\u00f3n activa de los bosques. No solo para aprovechar recursos, sino para contribuir a su salud y reducir riesgos como los incendios. <\/span><\/p>\n<p><span style=\"font-weight: 400;\">Otro punto destacado fue la apuesta por la madera local. Trabajar con materiales de proximidad no solo reduce el impacto ambiental, sino que refuerza la calidad, el control y el compromiso con el territorio. <\/span><\/p>\n<h5><b>La industrializaci\u00f3n reduce los errores <\/b><\/h5>\n<p><span style=\"font-weight: 400;\">La construcci\u00f3n industrializada apareci\u00f3 como una respuesta clara a los retos actuales. La prefabricaci\u00f3n permite reducir imprevistos, optimizar tiempos y mejorar la ejecuci\u00f3n en obra. <\/span><\/p>\n<p><span style=\"font-weight: 400;\">A pesar de los avances, todav\u00eda existen dudas en algunos \u00e1mbitos t\u00e9cnicos. Por eso, se remarc\u00f3 la necesidad de acompa\u00f1ar a arquitectos y promotores, facilitando informaci\u00f3n y soluciones contrastadas. <\/span><\/p>\n<p><span style=\"font-weight: 400;\">Este tipo de encuentros no solo sirven para compartir conocimiento, sino tambi\u00e9n para reforzar una idea: \u00a1la madera tiene un papel clave en el futuro de la construcci\u00f3n!<\/span><\/p>\n","protected":false},"excerpt":{"rendered":"<p>Este mes de abril hemos tenido el placer de participar en una mesa redonda organizada por el Gremio de Promotores y Constructores de Edificios de Girona en su sede. Fue un espacio de encuentro entre profesionales del sector en el que la madera fue la gran protagonista. El objetivo de este tipo de jornadas es [&hellip;]<\/p>\n","protected":false},"author":9,"featured_media":11739,"comment_status":"open","ping_status":"closed","sticky":false,"template":"","format":"standard","meta":{"footnotes":""},"categories":[109],"tags":[],"class_list":["post-11746","post","type-post","status-publish","format-standard","has-post-thumbnail","hentry","category-sin-categorizar"],"yoast_head":"<!-- This site is optimized with the Yoast SEO plugin v26.0 - https:\/\/yoast.com\/wordpress\/plugins\/seo\/ -->\n<title>La construcci\u00f3n con madera reclama protagonismo - Pallars<\/title>\n<meta name=\"description\" content=\"Participamos en una mesa redonda para compartir experiencias y retos del sector hacia un modelo m\u00e1s eficiente y respetuoso con el medio ambiente.\" \/>\n<meta name=\"robots\" content=\"index, follow, max-snippet:-1, max-image-preview:large, max-video-preview:-1\" \/>\n<link rel=\"canonical\" href=\"https:\/\/pallarsfustes.com\/es\/la-construccion-con-madera-reclama-protagonismo\/\" \/>\n<meta property=\"og:locale\" content=\"es_ES\" \/>\n<meta property=\"og:type\" content=\"article\" \/>\n<meta property=\"og:title\" content=\"La construcci\u00f3n con madera reclama protagonismo - Pallars\" \/>\n<meta property=\"og:description\" content=\"Participamos en una mesa redonda para compartir experiencias y retos del sector hacia un modelo m\u00e1s eficiente y respetuoso con el medio ambiente.\" \/>\n<meta property=\"og:url\" content=\"https:\/\/pallarsfustes.com\/es\/la-construccion-con-madera-reclama-protagonismo\/\" \/>\n<meta property=\"og:site_name\" content=\"Pallars\" \/>\n<meta property=\"article:published_time\" content=\"2026-04-30T09:28:49+00:00\" \/>\n<meta property=\"og:image\" content=\"https:\/\/pallarsfustes.com\/wp-content\/uploads\/2026\/04\/taula-rodona-fusta-scaled.jpg\" \/>\n\t<meta property=\"og:image:width\" content=\"2560\" \/>\n\t<meta property=\"og:image:height\" content=\"1707\" \/>\n\t<meta property=\"og:image:type\" content=\"image\/jpeg\" \/>\n<meta name=\"author\" content=\"Admin Blackstone\" \/>\n<meta name=\"twitter:card\" content=\"summary_large_image\" \/>\n<meta name=\"twitter:label1\" content=\"Escrito por\" \/>\n\t<meta name=\"twitter:data1\" content=\"Admin Blackstone\" \/>\n\t<meta name=\"twitter:label2\" content=\"Tiempo de lectura\" \/>\n\t<meta name=\"twitter:data2\" content=\"2 minutos\" \/>\n<script type=\"application\/ld+json\" class=\"yoast-schema-graph\">{\"@context\":\"https:\/\/schema.org\",\"@graph\":[{\"@type\":[\"WebPage\",\"ItemPage\"],\"@id\":\"https:\/\/pallarsfustes.com\/es\/la-construccion-con-madera-reclama-protagonismo\/\",\"url\":\"https:\/\/pallarsfustes.com\/es\/la-construccion-con-madera-reclama-protagonismo\/\",\"name\":\"La construcci\u00f3n con madera reclama protagonismo - Pallars\",\"isPartOf\":{\"@id\":\"https:\/\/pallarsfustes.com\/es\/#website\"},\"primaryImageOfPage\":{\"@id\":\"https:\/\/pallarsfustes.com\/es\/la-construccion-con-madera-reclama-protagonismo\/#primaryimage\"},\"image\":{\"@id\":\"https:\/\/pallarsfustes.com\/es\/la-construccion-con-madera-reclama-protagonismo\/#primaryimage\"},\"thumbnailUrl\":\"https:\/\/pallarsfustes.com\/wp-content\/uploads\/2026\/04\/taula-rodona-fusta-scaled.jpg\",\"datePublished\":\"2026-04-30T09:28:49+00:00\",\"author\":{\"@id\":\"https:\/\/pallarsfustes.com\/es\/#\/schema\/person\/ef52b63c227d5840dd44ff6bb8042757\"},\"description\":\"Participamos en una mesa redonda para compartir experiencias y retos del sector hacia un modelo m\u00e1s eficiente y respetuoso con el medio ambiente.\",\"breadcrumb\":{\"@id\":\"https:\/\/pallarsfustes.com\/es\/la-construccion-con-madera-reclama-protagonismo\/#breadcrumb\"},\"inLanguage\":\"es\",\"potentialAction\":[{\"@type\":\"ReadAction\",\"target\":[\"https:\/\/pallarsfustes.com\/es\/la-construccion-con-madera-reclama-protagonismo\/\"]}]},{\"@type\":\"ImageObject\",\"inLanguage\":\"es\",\"@id\":\"https:\/\/pallarsfustes.com\/es\/la-construccion-con-madera-reclama-protagonismo\/#primaryimage\",\"url\":\"https:\/\/pallarsfustes.com\/wp-content\/uploads\/2026\/04\/taula-rodona-fusta-scaled.jpg\",\"contentUrl\":\"https:\/\/pallarsfustes.com\/wp-content\/uploads\/2026\/04\/taula-rodona-fusta-scaled.jpg\",\"width\":2560,\"height\":1707},{\"@type\":\"BreadcrumbList\",\"@id\":\"https:\/\/pallarsfustes.com\/es\/la-construccion-con-madera-reclama-protagonismo\/#breadcrumb\",\"itemListElement\":[{\"@type\":\"ListItem\",\"position\":1,\"name\":\"Home\",\"item\":\"https:\/\/pallarsfustes.com\/es\/\"},{\"@type\":\"ListItem\",\"position\":2,\"name\":\"La construcci\u00f3n con madera reclama protagonismo\"}]},{\"@type\":\"WebSite\",\"@id\":\"https:\/\/pallarsfustes.com\/es\/#website\",\"url\":\"https:\/\/pallarsfustes.com\/es\/\",\"name\":\"Pallars\",\"description\":\"\",\"potentialAction\":[{\"@type\":\"SearchAction\",\"target\":{\"@type\":\"EntryPoint\",\"urlTemplate\":\"https:\/\/pallarsfustes.com\/es\/?s={search_term_string}\"},\"query-input\":{\"@type\":\"PropertyValueSpecification\",\"valueRequired\":true,\"valueName\":\"search_term_string\"}}],\"inLanguage\":\"es\"},{\"@type\":\"Person\",\"@id\":\"https:\/\/pallarsfustes.com\/es\/#\/schema\/person\/ef52b63c227d5840dd44ff6bb8042757\",\"name\":\"Admin Blackstone\",\"image\":{\"@type\":\"ImageObject\",\"inLanguage\":\"es\",\"@id\":\"https:\/\/pallarsfustes.com\/es\/#\/schema\/person\/image\/\",\"url\":\"https:\/\/secure.gravatar.com\/avatar\/df0acc6414f4b31f26589bd97d1d52d10f805ac5d20d4bcc6c2d9f8b72c84dad?s=96&d=mm&r=g\",\"contentUrl\":\"https:\/\/secure.gravatar.com\/avatar\/df0acc6414f4b31f26589bd97d1d52d10f805ac5d20d4bcc6c2d9f8b72c84dad?s=96&d=mm&r=g\",\"caption\":\"Admin Blackstone\"},\"url\":\"https:\/\/pallarsfustes.com\/es\/author\/admin-blackstone\/\"}]}<\/script>\n<!-- \/ Yoast SEO plugin. -->","yoast_head_json":{"title":"La construcci\u00f3n con madera reclama protagonismo - Pallars","description":"Participamos en una mesa redonda para compartir experiencias y retos del sector hacia un modelo m\u00e1s eficiente y respetuoso con el medio ambiente.","robots":{"index":"index","follow":"follow","max-snippet":"max-snippet:-1","max-image-preview":"max-image-preview:large","max-video-preview":"max-video-preview:-1"},"canonical":"https:\/\/pallarsfustes.com\/es\/la-construccion-con-madera-reclama-protagonismo\/","og_locale":"es_ES","og_type":"article","og_title":"La construcci\u00f3n con madera reclama protagonismo - Pallars","og_description":"Participamos en una mesa redonda para compartir experiencias y retos del sector hacia un modelo m\u00e1s eficiente y respetuoso con el medio ambiente.","og_url":"https:\/\/pallarsfustes.com\/es\/la-construccion-con-madera-reclama-protagonismo\/","og_site_name":"Pallars","article_published_time":"2026-04-30T09:28:49+00:00","og_image":[{"width":2560,"height":1707,"url":"https:\/\/pallarsfustes.com\/wp-content\/uploads\/2026\/04\/taula-rodona-fusta-scaled.jpg","type":"image\/jpeg"}],"author":"Admin Blackstone","twitter_card":"summary_large_image","twitter_misc":{"Escrito por":"Admin Blackstone","Tiempo de lectura":"2 minutos"},"schema":{"@context":"https:\/\/schema.org","@graph":[{"@type":["WebPage","ItemPage"],"@id":"https:\/\/pallarsfustes.com\/es\/la-construccion-con-madera-reclama-protagonismo\/","url":"https:\/\/pallarsfustes.com\/es\/la-construccion-con-madera-reclama-protagonismo\/","name":"La construcci\u00f3n con madera reclama protagonismo - Pallars","isPartOf":{"@id":"https:\/\/pallarsfustes.com\/es\/#website"},"primaryImageOfPage":{"@id":"https:\/\/pallarsfustes.com\/es\/la-construccion-con-madera-reclama-protagonismo\/#primaryimage"},"image":{"@id":"https:\/\/pallarsfustes.com\/es\/la-construccion-con-madera-reclama-protagonismo\/#primaryimage"},"thumbnailUrl":"https:\/\/pallarsfustes.com\/wp-content\/uploads\/2026\/04\/taula-rodona-fusta-scaled.jpg","datePublished":"2026-04-30T09:28:49+00:00","author":{"@id":"https:\/\/pallarsfustes.com\/es\/#\/schema\/person\/ef52b63c227d5840dd44ff6bb8042757"},"description":"Participamos en una mesa redonda para compartir experiencias y retos del sector hacia un modelo m\u00e1s eficiente y respetuoso con el medio ambiente.","breadcrumb":{"@id":"https:\/\/pallarsfustes.com\/es\/la-construccion-con-madera-reclama-protagonismo\/#breadcrumb"},"inLanguage":"es","potentialAction":[{"@type":"ReadAction","target":["https:\/\/pallarsfustes.com\/es\/la-construccion-con-madera-reclama-protagonismo\/"]}]},{"@type":"ImageObject","inLanguage":"es","@id":"https:\/\/pallarsfustes.com\/es\/la-construccion-con-madera-reclama-protagonismo\/#primaryimage","url":"https:\/\/pallarsfustes.com\/wp-content\/uploads\/2026\/04\/taula-rodona-fusta-scaled.jpg","contentUrl":"https:\/\/pallarsfustes.com\/wp-content\/uploads\/2026\/04\/taula-rodona-fusta-scaled.jpg","width":2560,"height":1707},{"@type":"BreadcrumbList","@id":"https:\/\/pallarsfustes.com\/es\/la-construccion-con-madera-reclama-protagonismo\/#breadcrumb","itemListElement":[{"@type":"ListItem","position":1,"name":"Home","item":"https:\/\/pallarsfustes.com\/es\/"},{"@type":"ListItem","position":2,"name":"La construcci\u00f3n con madera reclama protagonismo"}]},{"@type":"WebSite","@id":"https:\/\/pallarsfustes.com\/es\/#website","url":"https:\/\/pallarsfustes.com\/es\/","name":"Pallars","description":"","potentialAction":[{"@type":"SearchAction","target":{"@type":"EntryPoint","urlTemplate":"https:\/\/pallarsfustes.com\/es\/?s={search_term_string}"},"query-input":{"@type":"PropertyValueSpecification","valueRequired":true,"valueName":"search_term_string"}}],"inLanguage":"es"},{"@type":"Person","@id":"https:\/\/pallarsfustes.com\/es\/#\/schema\/person\/ef52b63c227d5840dd44ff6bb8042757","name":"Admin Blackstone","image":{"@type":"ImageObject","inLanguage":"es","@id":"https:\/\/pallarsfustes.com\/es\/#\/schema\/person\/image\/","url":"https:\/\/secure.gravatar.com\/avatar\/df0acc6414f4b31f26589bd97d1d52d10f805ac5d20d4bcc6c2d9f8b72c84dad?s=96&d=mm&r=g","contentUrl":"https:\/\/secure.gravatar.com\/avatar\/df0acc6414f4b31f26589bd97d1d52d10f805ac5d20d4bcc6c2d9f8b72c84dad?s=96&d=mm&r=g","caption":"Admin Blackstone"},"url":"https:\/\/pallarsfustes.com\/es\/author\/admin-blackstone\/"}]}},"_links":{"self":[{"href":"https:\/\/pallarsfustes.com\/es\/wp-json\/wp\/v2\/posts\/11746","targetHints":{"allow":["GET"]}}],"collection":[{"href":"https:\/\/pallarsfustes.com\/es\/wp-json\/wp\/v2\/posts"}],"about":[{"href":"https:\/\/pallarsfustes.com\/es\/wp-json\/wp\/v2\/types\/post"}],"author":[{"embeddable":true,"href":"https:\/\/pallarsfustes.com\/es\/wp-json\/wp\/v2\/users\/9"}],"replies":[{"embeddable":true,"href":"https:\/\/pallarsfustes.com\/es\/wp-json\/wp\/v2\/comments?post=11746"}],"version-history":[{"count":0,"href":"https:\/\/pallarsfustes.com\/es\/wp-json\/wp\/v2\/posts\/11746\/revisions"}],"wp:featuredmedia":[{"embeddable":true,"href":"https:\/\/pallarsfustes.com\/es\/wp-json\/wp\/v2\/media\/11739"}],"wp:attachment":[{"href":"https:\/\/pallarsfustes.com\/es\/wp-json\/wp\/v2\/media?parent=11746"}],"wp:term":[{"taxonomy":"category","embeddable":true,"href":"https:\/\/pallarsfustes.com\/es\/wp-json\/wp\/v2\/categories?post=11746"},{"taxonomy":"post_tag","embeddable":true,"href":"https:\/\/pallarsfustes.com\/es\/wp-json\/wp\/v2\/tags?post=11746"}],"curies":[{"name":"wp","href":"https:\/\/api.w.org\/{rel}","templated":true}]}}