{"id":10545,"date":"2024-05-17T09:29:28","date_gmt":"2024-05-17T09:29:28","guid":{"rendered":"https:\/\/pallarsfustes.com\/como-ayuda-la-madera-al-reciclaje-2\/"},"modified":"2024-06-13T10:22:02","modified_gmt":"2024-06-13T10:22:02","slug":"como-ayuda-la-madera-al-reciclaje-2","status":"publish","type":"post","link":"https:\/\/pallarsfustes.com\/es\/como-ayuda-la-madera-al-reciclaje-2\/","title":{"rendered":"C\u00f3mo ayuda la madera al reciclaje"},"content":{"rendered":"[vc_row][vc_column][vc_empty_space height=\u00bb40px\u00bb][vc_column_text css=\u00bb.vc_custom_1715614051304{margin-bottom: 0px !important;}\u00bb]<span style=\"font-weight: 400;\">En un mundo cada vez m\u00e1s consciente de la importancia de conservar los recursos naturales y reducir la huella ecol\u00f3gica, el reciclaje se ha convertido en un pilar fundamental para alcanzar un futuro sostenible. Hoy, en el D\u00eda Internacional del Reciclaje, en Pallars Fustes nos enorgullece destacar el papel crucial que la madera desempe\u00f1a en este proceso medioambiental, no s\u00f3lo como un recurso renovable, sino tambi\u00e9n como un aliado en la reducci\u00f3n de desechos y la promoci\u00f3n de pr\u00e1cticas eco-amigables en la arquitectura y el dise\u00f1o.<\/span><\/p>\n<p><span style=\"font-weight: 400;\">Como un negocio familiar especializado en arquitectura y todo tipo de proyectos con madera, en Pallars Fustes estamos comprometidos con la promoci\u00f3n de soluciones que no solo sean est\u00e9ticamente atractivas y funcionalmente s\u00f3lidas, sino tambi\u00e9n respetuosas con el medio ambiente.<\/span><\/p>\n<p><span style=\"font-weight: 400;\">La madera, con su versatilidad y durabilidad, se ha convertido en el material preferido por arquitectos y dise\u00f1adores comprometidos con la sostenibilidad. Pero m\u00e1s all\u00e1 de sus cualidades est\u00e9ticas y estructurales, la madera ofrece una ventaja adicional: su<\/span> <b>capacidad para ser reciclada y reutilizada<\/b> <span style=\"font-weight: 400;\">de diversas formas, lo que la convierte en un recurso invaluable en la lucha contra el desperdicio. <\/span><\/p>\n<p><span style=\"font-weight: 400;\">La propiedad biodegradable de la madera es un aspecto fundamental en el contexto de la arquitectura con madera sostenible. Al optar por utilizar madera en proyectos arquitect\u00f3nicos, se est\u00e1 tomando una decisi\u00f3n consciente hacia la construcci\u00f3n ecol\u00f3gica y respetuosa con el medio ambiente. La madera, como material natural, tiene la capacidad de descomponerse de manera biol\u00f3gica cuando llega al final de su vida \u00fatil, lo que la convierte en una opci\u00f3n eco-friendly en comparaci\u00f3n con materiales sint\u00e9ticos que pueden tardar siglos en degradarse.<\/span><\/p>\n<p><span style=\"font-weight: 400;\">En el sector de la arquitectura con madera la caracter\u00edstica de biodegradabilidad tiene varias implicaciones positivas:<\/span><\/p>\n<ul>\n<li style=\"font-weight: 400;\" aria-level=\"1\"><b>Ciclo de vida completo<\/b><span style=\"font-weight: 400;\">: La madera utilizada en la construcci\u00f3n de edificios tiene un ciclo de vida completo que va m\u00e1s all\u00e1 de su funci\u00f3n inicial. Cuando una construcci\u00f3n de madera llega al final de su vida \u00fatil, la madera puede ser desmontada y reciclada, o dejada para que se descomponga de manera natural, cerrando as\u00ed el ciclo de los materiales de forma sostenible.<\/span><\/li>\n<li style=\"font-weight: 400;\" aria-level=\"1\"><b>Menor impacto ambiental<\/b><span style=\"font-weight: 400;\">: La biodegradabilidad de la madera significa que, en caso de demolici\u00f3n o desmantelamiento de una estructura, los residuos generados por la madera no contribuir\u00e1n a la acumulaci\u00f3n de desechos en vertederos durante largos per\u00edodos de tiempo. Puesto que, la madera se integrar\u00e1 de manera segura y natural en el medio ambiente.<\/span><\/li>\n<li style=\"font-weight: 400;\" aria-level=\"1\"><b>Promoci\u00f3n de la econom\u00eda circular<\/b><span style=\"font-weight: 400;\">: La capacidad de la madera para descomponerse biol\u00f3gicamente promueve la econom\u00eda circular al garantizar que los recursos se utilicen de manera eficiente y se reduzca la dependencia de materias primas no renovables.<\/span><\/li>\n<li style=\"font-weight: 400;\" aria-level=\"1\"><b>Respeto por la naturaleza<\/b><span style=\"font-weight: 400;\">: Utilizar madera en la arquitectura no solo implica aprovechar un recurso renovable, sino tambi\u00e9n honrar la naturaleza y su capacidad para proporcionar materiales sostenibles de bajo impacto. <\/span><\/li>\n<\/ul>\n<p><span style=\"font-weight: 400;\">La biodegradabilidad de la madera en el contexto de la arquitectura es un recordatorio poderoso de la importancia de utilizar materiales naturales y renovables en la construcci\u00f3n de estructuras que sean tanto est\u00e9ticamente hermosas como respetuosas con el medio ambiente.<\/span>[\/vc_column_text][vc_single_image image=\u00bb10500&#8243; img_size=\u00bblarge\u00bb][vc_column_text css=\u00bb.vc_custom_1715614097516{margin-bottom: 0px !important;}\u00bb]\n<h2 style=\"text-align: left;\"><b>El ciclo de vida de la madera<\/b><\/h2>\n[\/vc_column_text][vc_column_text css=\u00bb.vc_custom_1715614116201{margin-bottom: 0px !important;}\u00bb]<span style=\"font-weight: 400;\">Una de las principales razones por las que la madera es tan amigable con el medio ambiente es su ciclo de vida. A diferencia de otros materiales de construcci\u00f3n, la madera es completamente biodegradable, esto significa que cuando llega el fin de su vida \u00fatil, puede ser descompuesta por organismos naturales sin emitir residuos t\u00f3xicos. Pero lo que hace que la madera destaque como material de construcci\u00f3n sostenible es su capacidad para ser reciclada y reutilizada en una variedad de formas.<\/span>[\/vc_column_text][vc_column_text css=\u00bb.vc_custom_1715614136036{margin-bottom: 0px !important;}\u00bb]\n<h2 style=\"text-align: left;\"><b>17 de mayo: D\u00eda internacional del reciclaje<\/b><\/h2>\n[\/vc_column_text][vc_column_text css=\u00bb.vc_custom_1715614243153{margin-bottom: 0px !important;}\u00bb]<span style=\"font-weight: 400;\">El D\u00eda Internacional del Reciclaje, celebrado el 17 de mayo, es una oportunidad para reflexionar sobre la importancia del reciclaje en la preservaci\u00f3n del medio ambiente. En este d\u00eda se promueve la conciencia sobre la necesidad de adoptar pr\u00e1cticas de reciclaje y reutilizaci\u00f3n, reduciendo as\u00ed el impacto ambiental de nuestros h\u00e1bitos de consumo. En el D\u00eda Internacional del Reciclaje, queremos animar a todos a reflexionar sobre lo significativo que es el reciclaje para el planeta y el papel crucial que cada uno de nosotros puede desempe\u00f1ar en la protecci\u00f3n y conservaci\u00f3n de la naturaleza. Ya sea a trav\u00e9s de acciones cotidianas de reciclaje de residuos como papel, pl\u00e1stico, vidrio o madera u otras acciones mayores. Cada peque\u00f1a acci\u00f3n cuenta en la lucha por un futuro m\u00e1s sostenible.<\/span><\/p>\n<p><span style=\"font-weight: 400;\">En Pallars Fustes, nos enorgullece destacar nuestros rigurosos est\u00e1ndares de sostenibilidad respaldados por una serie de certificaciones reconocidas a nivel internacional. Estas certificaciones, incluyendo el <\/span><b>FSC, PERFC y CE<\/b><span style=\"font-weight: 400;\">, son testimonio de nuestro compromiso con la gesti\u00f3n responsable de los recursos naturales y la conservaci\u00f3n del medio ambiente. Cada certificado representa un aspecto clave de nuestra misi\u00f3n de promover pr\u00e1cticas comerciales \u00e9ticas y sostenibles en todas nuestras operaciones. Nos esforzamos por garantizar que cada producto que sale de nuestras instalaciones cumpla con los m\u00e1s altos est\u00e1ndares de calidad, seguridad y respeto por el medio ambiente. Estos certificados no solo son un sello de garant\u00eda para nuestros clientes, sino tambi\u00e9n un recordatorio constante de nuestro compromiso continuo con la excelencia y la sostenibilidad en todo lo que hacemos.<\/span>[\/vc_column_text][vc_single_image image=\u00bb10503&#8243; img_size=\u00bbfull\u00bb alignment=\u00bbcenter\u00bb][vc_column_text css=\u00bb.vc_custom_1715614255852{margin-bottom: 0px !important;}\u00bb]<span style=\"font-weight: 400;\">La dedicaci\u00f3n de Pallars Fustes se centra en promover pr\u00e1cticas de dise\u00f1o y construcci\u00f3n sostenibles con madera que no solo sean est\u00e9ticamente hermosas y funcionales, sino tambi\u00e9n respetuosas con el medio ambiente. Nos enorgullece formar parte de una comunidad global que valora y respeta los recursos naturales, y estamos comprometidos a liderar el camino hacia un futuro m\u00e1s verde, sostenible y prometedor para las futuras generaciones.<\/span><\/p>\n<p><span style=\"font-weight: 400;\">Creemos firmemente que la madera es mucho m\u00e1s que un simple material de construcci\u00f3n; es una fuente de inspiraci\u00f3n y una promesa de un ma\u00f1ana m\u00e1s sostenible. \u00danete a nosotros en nuestra misi\u00f3n de fomentar pr\u00e1cticas de dise\u00f1o y construcci\u00f3n eco-friendly. Juntos, podemos construir un mundo mejor.<\/span><\/p>\n<p><span style=\"font-weight: 400;\">\u00a1Feliz d\u00eda internacional del reciclaje! Pallars Fustes, construyendo un futuro sostenible, un proyecto a la vez.<\/span>[\/vc_column_text][vc_column_text css=\u00bb.vc_custom_1711442710061{margin-bottom: 0px !important;}\u00bb]\n<p style=\"text-align: center;\"><span style=\"font-weight: 400;\">\u00a1Descubre m\u00e1s sobre nuestras soluciones en<\/span> <span style=\"font-weight: 400;\">arquitectura con madera<\/span> <span style=\"font-weight: 400;\">y construcci\u00f3n en nuestra web!<\/span><\/p>\n[\/vc_column_text][\/vc_column][\/vc_row][vc_row][vc_column][vc_column_text css=\u00bb.vc_custom_1622801706720{margin-bottom: 0px !important;}\u00bb]\n<h6>Para m\u00e1s informaci\u00f3n llame al 872.029.065 o escriba a <a href=\"mailto:comercial@pallarsfustes.com\">comercial@pallarsfustes.com<\/a><\/h6>\n[\/vc_column_text][\/vc_column][\/vc_row][vc_row][vc_column][\/vc_column][\/vc_row][vc_row][vc_column][\/vc_column][\/vc_row][vc_row][vc_column][\/vc_column][\/vc_row]\n","protected":false},"excerpt":{"rendered":"<p>[vc_row][vc_column][vc_empty_space height=\u00bb40px\u00bb][vc_column_text css=\u00bb.vc_custom_1715614051304{margin-bottom: 0px !important;}\u00bb]En un mundo cada vez m\u00e1s consciente de la importancia de conservar los recursos naturales y reducir la huella ecol\u00f3gica, el reciclaje se ha convertido en un pilar fundamental para alcanzar un futuro sostenible. Hoy, en el D\u00eda Internacional del Reciclaje, en Pallars Fustes nos enorgullece destacar el papel crucial que [&hellip;]<\/p>\n","protected":false},"author":9,"featured_media":10498,"comment_status":"open","ping_status":"closed","sticky":false,"template":"","format":"standard","meta":{"footnotes":""},"categories":[120],"tags":[],"class_list":["post-10545","post","type-post","status-publish","format-standard","has-post-thumbnail","hentry","category-blog-es-3"],"yoast_head":"<!-- This site is optimized with the Yoast SEO plugin v26.0 - https:\/\/yoast.com\/wordpress\/plugins\/seo\/ -->\n<title>C\u00f3mo ayuda la madera al reciclaje<\/title>\n<meta name=\"description\" content=\"Utilizar la madera en proyectos arquitect\u00f3nicos es una decisi\u00f3n consciente hacia la construcci\u00f3n ecol\u00f3gica. Descubre porque en este art\u00edculo.\" \/>\n<meta name=\"robots\" content=\"index, follow, max-snippet:-1, max-image-preview:large, max-video-preview:-1\" \/>\n<link rel=\"canonical\" href=\"https:\/\/pallarsfustes.com\/es\/como-ayuda-la-madera-al-reciclaje-2\/\" \/>\n<meta property=\"og:locale\" content=\"es_ES\" \/>\n<meta property=\"og:type\" content=\"article\" \/>\n<meta property=\"og:title\" content=\"C\u00f3mo ayuda la madera al reciclaje\" \/>\n<meta property=\"og:description\" content=\"Utilizar la madera en proyectos arquitect\u00f3nicos es una decisi\u00f3n consciente hacia la construcci\u00f3n ecol\u00f3gica. Descubre porque en este art\u00edculo.\" \/>\n<meta property=\"og:url\" content=\"https:\/\/pallarsfustes.com\/es\/como-ayuda-la-madera-al-reciclaje-2\/\" \/>\n<meta property=\"og:site_name\" content=\"Pallars\" \/>\n<meta property=\"article:published_time\" content=\"2024-05-17T09:29:28+00:00\" \/>\n<meta property=\"article:modified_time\" content=\"2024-06-13T10:22:02+00:00\" \/>\n<meta property=\"og:image\" content=\"https:\/\/pallarsfustes.com\/wp-content\/uploads\/2024\/05\/foto-1-_-17-mayo-scaled.jpg\" \/>\n\t<meta property=\"og:image:width\" content=\"2560\" \/>\n\t<meta property=\"og:image:height\" content=\"1920\" \/>\n\t<meta property=\"og:image:type\" content=\"image\/jpeg\" \/>\n<meta name=\"author\" content=\"Admin Blackstone\" \/>\n<meta name=\"twitter:card\" content=\"summary_large_image\" \/>\n<meta name=\"twitter:label1\" content=\"Escrito por\" \/>\n\t<meta name=\"twitter:data1\" content=\"Admin Blackstone\" \/>\n\t<meta name=\"twitter:label2\" content=\"Tiempo de lectura\" \/>\n\t<meta name=\"twitter:data2\" content=\"6 minutos\" \/>\n<script type=\"application\/ld+json\" class=\"yoast-schema-graph\">{\"@context\":\"https:\/\/schema.org\",\"@graph\":[{\"@type\":[\"WebPage\",\"ItemPage\"],\"@id\":\"https:\/\/pallarsfustes.com\/es\/como-ayuda-la-madera-al-reciclaje-2\/\",\"url\":\"https:\/\/pallarsfustes.com\/es\/como-ayuda-la-madera-al-reciclaje-2\/\",\"name\":\"C\u00f3mo ayuda la madera al reciclaje\",\"isPartOf\":{\"@id\":\"https:\/\/pallarsfustes.com\/es\/#website\"},\"primaryImageOfPage\":{\"@id\":\"https:\/\/pallarsfustes.com\/es\/como-ayuda-la-madera-al-reciclaje-2\/#primaryimage\"},\"image\":{\"@id\":\"https:\/\/pallarsfustes.com\/es\/como-ayuda-la-madera-al-reciclaje-2\/#primaryimage\"},\"thumbnailUrl\":\"https:\/\/pallarsfustes.com\/wp-content\/uploads\/2024\/05\/foto-1-_-17-mayo-scaled.jpg\",\"datePublished\":\"2024-05-17T09:29:28+00:00\",\"dateModified\":\"2024-06-13T10:22:02+00:00\",\"author\":{\"@id\":\"https:\/\/pallarsfustes.com\/es\/#\/schema\/person\/ef52b63c227d5840dd44ff6bb8042757\"},\"description\":\"Utilizar la madera en proyectos arquitect\u00f3nicos es una decisi\u00f3n consciente hacia la construcci\u00f3n ecol\u00f3gica. Descubre porque en este art\u00edculo.\",\"breadcrumb\":{\"@id\":\"https:\/\/pallarsfustes.com\/es\/como-ayuda-la-madera-al-reciclaje-2\/#breadcrumb\"},\"inLanguage\":\"es\",\"potentialAction\":[{\"@type\":\"ReadAction\",\"target\":[\"https:\/\/pallarsfustes.com\/es\/como-ayuda-la-madera-al-reciclaje-2\/\"]}]},{\"@type\":\"ImageObject\",\"inLanguage\":\"es\",\"@id\":\"https:\/\/pallarsfustes.com\/es\/como-ayuda-la-madera-al-reciclaje-2\/#primaryimage\",\"url\":\"https:\/\/pallarsfustes.com\/wp-content\/uploads\/2024\/05\/foto-1-_-17-mayo-scaled.jpg\",\"contentUrl\":\"https:\/\/pallarsfustes.com\/wp-content\/uploads\/2024\/05\/foto-1-_-17-mayo-scaled.jpg\",\"width\":2560,\"height\":1920},{\"@type\":\"BreadcrumbList\",\"@id\":\"https:\/\/pallarsfustes.com\/es\/como-ayuda-la-madera-al-reciclaje-2\/#breadcrumb\",\"itemListElement\":[{\"@type\":\"ListItem\",\"position\":1,\"name\":\"Home\",\"item\":\"https:\/\/pallarsfustes.com\/es\/\"},{\"@type\":\"ListItem\",\"position\":2,\"name\":\"C\u00f3mo ayuda la madera al reciclaje\"}]},{\"@type\":\"WebSite\",\"@id\":\"https:\/\/pallarsfustes.com\/es\/#website\",\"url\":\"https:\/\/pallarsfustes.com\/es\/\",\"name\":\"Pallars\",\"description\":\"\",\"potentialAction\":[{\"@type\":\"SearchAction\",\"target\":{\"@type\":\"EntryPoint\",\"urlTemplate\":\"https:\/\/pallarsfustes.com\/es\/?s={search_term_string}\"},\"query-input\":{\"@type\":\"PropertyValueSpecification\",\"valueRequired\":true,\"valueName\":\"search_term_string\"}}],\"inLanguage\":\"es\"},{\"@type\":\"Person\",\"@id\":\"https:\/\/pallarsfustes.com\/es\/#\/schema\/person\/ef52b63c227d5840dd44ff6bb8042757\",\"name\":\"Admin Blackstone\",\"image\":{\"@type\":\"ImageObject\",\"inLanguage\":\"es\",\"@id\":\"https:\/\/pallarsfustes.com\/es\/#\/schema\/person\/image\/\",\"url\":\"https:\/\/secure.gravatar.com\/avatar\/df0acc6414f4b31f26589bd97d1d52d10f805ac5d20d4bcc6c2d9f8b72c84dad?s=96&d=mm&r=g\",\"contentUrl\":\"https:\/\/secure.gravatar.com\/avatar\/df0acc6414f4b31f26589bd97d1d52d10f805ac5d20d4bcc6c2d9f8b72c84dad?s=96&d=mm&r=g\",\"caption\":\"Admin Blackstone\"},\"url\":\"https:\/\/pallarsfustes.com\/es\/author\/admin-blackstone\/\"}]}<\/script>\n<!-- \/ Yoast SEO plugin. -->","yoast_head_json":{"title":"C\u00f3mo ayuda la madera al reciclaje","description":"Utilizar la madera en proyectos arquitect\u00f3nicos es una decisi\u00f3n consciente hacia la construcci\u00f3n ecol\u00f3gica. Descubre porque en este art\u00edculo.","robots":{"index":"index","follow":"follow","max-snippet":"max-snippet:-1","max-image-preview":"max-image-preview:large","max-video-preview":"max-video-preview:-1"},"canonical":"https:\/\/pallarsfustes.com\/es\/como-ayuda-la-madera-al-reciclaje-2\/","og_locale":"es_ES","og_type":"article","og_title":"C\u00f3mo ayuda la madera al reciclaje","og_description":"Utilizar la madera en proyectos arquitect\u00f3nicos es una decisi\u00f3n consciente hacia la construcci\u00f3n ecol\u00f3gica. Descubre porque en este art\u00edculo.","og_url":"https:\/\/pallarsfustes.com\/es\/como-ayuda-la-madera-al-reciclaje-2\/","og_site_name":"Pallars","article_published_time":"2024-05-17T09:29:28+00:00","article_modified_time":"2024-06-13T10:22:02+00:00","og_image":[{"width":2560,"height":1920,"url":"https:\/\/pallarsfustes.com\/wp-content\/uploads\/2024\/05\/foto-1-_-17-mayo-scaled.jpg","type":"image\/jpeg"}],"author":"Admin Blackstone","twitter_card":"summary_large_image","twitter_misc":{"Escrito por":"Admin Blackstone","Tiempo de lectura":"6 minutos"},"schema":{"@context":"https:\/\/schema.org","@graph":[{"@type":["WebPage","ItemPage"],"@id":"https:\/\/pallarsfustes.com\/es\/como-ayuda-la-madera-al-reciclaje-2\/","url":"https:\/\/pallarsfustes.com\/es\/como-ayuda-la-madera-al-reciclaje-2\/","name":"C\u00f3mo ayuda la madera al reciclaje","isPartOf":{"@id":"https:\/\/pallarsfustes.com\/es\/#website"},"primaryImageOfPage":{"@id":"https:\/\/pallarsfustes.com\/es\/como-ayuda-la-madera-al-reciclaje-2\/#primaryimage"},"image":{"@id":"https:\/\/pallarsfustes.com\/es\/como-ayuda-la-madera-al-reciclaje-2\/#primaryimage"},"thumbnailUrl":"https:\/\/pallarsfustes.com\/wp-content\/uploads\/2024\/05\/foto-1-_-17-mayo-scaled.jpg","datePublished":"2024-05-17T09:29:28+00:00","dateModified":"2024-06-13T10:22:02+00:00","author":{"@id":"https:\/\/pallarsfustes.com\/es\/#\/schema\/person\/ef52b63c227d5840dd44ff6bb8042757"},"description":"Utilizar la madera en proyectos arquitect\u00f3nicos es una decisi\u00f3n consciente hacia la construcci\u00f3n ecol\u00f3gica. Descubre porque en este art\u00edculo.","breadcrumb":{"@id":"https:\/\/pallarsfustes.com\/es\/como-ayuda-la-madera-al-reciclaje-2\/#breadcrumb"},"inLanguage":"es","potentialAction":[{"@type":"ReadAction","target":["https:\/\/pallarsfustes.com\/es\/como-ayuda-la-madera-al-reciclaje-2\/"]}]},{"@type":"ImageObject","inLanguage":"es","@id":"https:\/\/pallarsfustes.com\/es\/como-ayuda-la-madera-al-reciclaje-2\/#primaryimage","url":"https:\/\/pallarsfustes.com\/wp-content\/uploads\/2024\/05\/foto-1-_-17-mayo-scaled.jpg","contentUrl":"https:\/\/pallarsfustes.com\/wp-content\/uploads\/2024\/05\/foto-1-_-17-mayo-scaled.jpg","width":2560,"height":1920},{"@type":"BreadcrumbList","@id":"https:\/\/pallarsfustes.com\/es\/como-ayuda-la-madera-al-reciclaje-2\/#breadcrumb","itemListElement":[{"@type":"ListItem","position":1,"name":"Home","item":"https:\/\/pallarsfustes.com\/es\/"},{"@type":"ListItem","position":2,"name":"C\u00f3mo ayuda la madera al reciclaje"}]},{"@type":"WebSite","@id":"https:\/\/pallarsfustes.com\/es\/#website","url":"https:\/\/pallarsfustes.com\/es\/","name":"Pallars","description":"","potentialAction":[{"@type":"SearchAction","target":{"@type":"EntryPoint","urlTemplate":"https:\/\/pallarsfustes.com\/es\/?s={search_term_string}"},"query-input":{"@type":"PropertyValueSpecification","valueRequired":true,"valueName":"search_term_string"}}],"inLanguage":"es"},{"@type":"Person","@id":"https:\/\/pallarsfustes.com\/es\/#\/schema\/person\/ef52b63c227d5840dd44ff6bb8042757","name":"Admin Blackstone","image":{"@type":"ImageObject","inLanguage":"es","@id":"https:\/\/pallarsfustes.com\/es\/#\/schema\/person\/image\/","url":"https:\/\/secure.gravatar.com\/avatar\/df0acc6414f4b31f26589bd97d1d52d10f805ac5d20d4bcc6c2d9f8b72c84dad?s=96&d=mm&r=g","contentUrl":"https:\/\/secure.gravatar.com\/avatar\/df0acc6414f4b31f26589bd97d1d52d10f805ac5d20d4bcc6c2d9f8b72c84dad?s=96&d=mm&r=g","caption":"Admin Blackstone"},"url":"https:\/\/pallarsfustes.com\/es\/author\/admin-blackstone\/"}]}},"_links":{"self":[{"href":"https:\/\/pallarsfustes.com\/es\/wp-json\/wp\/v2\/posts\/10545","targetHints":{"allow":["GET"]}}],"collection":[{"href":"https:\/\/pallarsfustes.com\/es\/wp-json\/wp\/v2\/posts"}],"about":[{"href":"https:\/\/pallarsfustes.com\/es\/wp-json\/wp\/v2\/types\/post"}],"author":[{"embeddable":true,"href":"https:\/\/pallarsfustes.com\/es\/wp-json\/wp\/v2\/users\/9"}],"replies":[{"embeddable":true,"href":"https:\/\/pallarsfustes.com\/es\/wp-json\/wp\/v2\/comments?post=10545"}],"version-history":[{"count":5,"href":"https:\/\/pallarsfustes.com\/es\/wp-json\/wp\/v2\/posts\/10545\/revisions"}],"predecessor-version":[{"id":10550,"href":"https:\/\/pallarsfustes.com\/es\/wp-json\/wp\/v2\/posts\/10545\/revisions\/10550"}],"wp:featuredmedia":[{"embeddable":true,"href":"https:\/\/pallarsfustes.com\/es\/wp-json\/wp\/v2\/media\/10498"}],"wp:attachment":[{"href":"https:\/\/pallarsfustes.com\/es\/wp-json\/wp\/v2\/media?parent=10545"}],"wp:term":[{"taxonomy":"category","embeddable":true,"href":"https:\/\/pallarsfustes.com\/es\/wp-json\/wp\/v2\/categories?post=10545"},{"taxonomy":"post_tag","embeddable":true,"href":"https:\/\/pallarsfustes.com\/es\/wp-json\/wp\/v2\/tags?post=10545"}],"curies":[{"name":"wp","href":"https:\/\/api.w.org\/{rel}","templated":true}]}}